{"id":3509,"date":"2025-12-10T09:46:40","date_gmt":"2025-12-10T09:46:40","guid":{"rendered":"https:\/\/uszatek.waw.pl\/?p=3509"},"modified":"2026-01-14T11:48:16","modified_gmt":"2026-01-14T11:48:16","slug":"wolontariat-przedszkolny","status":"publish","type":"post","link":"https:\/\/uszatek.waw.pl\/?p=3509","title":{"rendered":"Wolontariat przedszkolny"},"content":{"rendered":"<p><span class=\"fontstyle0\">W roku szkolnym 2024\/2025 prowadzony by\u0142 na terenie naszego Przedszkola wolontariat. W dzia\u0142aniach uczestniczy\u0142y wychowawcy i dzieci ze wszystkich grup wiekowych. ,,Mali wolontariusze&#8221; wsp\u00f3lnie z nauczycielami uczestniczyli w akcjach charytatywnych typu: g\u00f3ra grosza,zbieramy nakr\u0119tki,zbieramy karm\u0119 dla schroniska dla zwierz\u0105t,pomagamy poprzez aktywne uczestnictwo w kiermaszach \u015bwi\u0105tecznych. Przedszkolaki wspieraj\u0105 tak\u017ce osoby starsze i potrzebuj\u0105ce pomocy. Razem z fundacj\u0105,,Daj herbat\u0119\u201ddzieci z najstarszych grup pokaza\u0142y, \u017ce empatia i ch\u0119\u0107 niesienia pomocy nie maj\u0105 wieku. W ramach wyj\u0105tkowej akcji charytatywnej, wsp\u00f3lnie z Fundacj\u0105 ,,Daj herbat\u0119\u201d i jej inicjatorkami , najm\u0142odsi wolontariusze zaanga\u017cowali si\u0119 w przygotowanie paczek dla os\u00f3b bezdomnych i potrzebuj\u0105cych. Przedszkolaki wykona\u0142y plakat, informuj\u0105cy o przeprowadzeniu akcji. Samodzielnie wykona\u0142y i zapakowa\u0142y kanapki do paczek. Ta akcja to doskona\u0142a okazja do nauki empatii i odpowiedzialno\u015bci spo\u0142ecznej ju\u017c od najm\u0142odszych lat.Do paczek dzieci do\u0142\u0105czy\u0142y butelki z wod\u0105,kt\u00f3re podpisa\u0142y. Zebrane dary trafi\u0142y do podopiecznych Fundacji , kt\u00f3ra od lat wspiera osoby w kryzysie bezdomno\u015bci. Przedstawiciele fundacji z wdzi\u0119czno\u015bci\u0105 przyj\u0119li pomoc i podkre\u015blili, jak wiele znaczy takie wsparcie. Celem wolontariatu jest wspieranie harmonijnego rozwoju dzieci w obszarze spo\u0142ecznym, emocjonalnym, poznawczym, rozwijanie w dzieciach umiej\u0119tno\u015bci wsp\u00f3\u0142pracy, kreatywno\u015bci i samodzielno\u015bci, organizacja warto\u015bciowych,integracyjnych kulturalnych dzia\u0142a\u0144,budowanie pozytywnych relacji mi\u0119dzy dzie\u0107mi i doros\u0142ymi,kszta\u0142towanie w wolontariuszach poczucia odpowiedzialno\u015bci, empatii i umiej\u0119tno\u015bci pracy i wsp\u00f3\u0142pracy oraz ch\u0119ci niesienia pomocy osobom potrzebuj\u0105cym, stworzenie atmosfery bezpiecze\u0144stwa, wsparcia i akceptacji <\/span><span class=\"fontstyle0\">oraz <\/span><span class=\"fontstyle0\">wzmocnienie pozytywnego wizerunku przedszkola jako miejsca otwartego i przyjaznego inicjatywom. Dzia\u0142alno\u015b\u0107 wolontariatu pokaza\u0142a, \u017ce obecno\u015b\u0107 zaanga\u017cowanych os\u00f3b ma bardzo pozytywny wp\u0142yw na dziecko.Poprzez dzia\u0142anie wolontariatu nauczycielki przekaza\u0142y wiele warto\u015bci,ukazuj\u0105c co jest w \u017cyciu wa\u017cne i gdzie nale\u017cy organizowa\u0107 wi\u0119cej mi\u0119dzypokoleniowych spotka\u0144. Na du\u017ce podzi\u0119kowania zas\u0142uguj\u0105 te\u017c rodzice przedszkolak\u00f3w, kt\u00f3rzy wspierali i pomagali nam w tych dzia\u0142aniach.<\/span><\/p>\n<p><span class=\"fontstyle0\">Wolontariat okaza\u0142 si\u0119 warto\u015bciowym wsparciem dla przedszkola, nauczycieli oraz samych dzieci. Dzi\u0119ki akcjom wolontariatu uda\u0142o si\u0119 stworzy\u0107 przyjazne, stymuluj\u0105ce \u015brodowisko sprzyjaj\u0105ce rozwojowi najm\u0142odszych. Wolontariat spe\u0142ni\u0142 swoje cele i stanowi istotny element \u017cycia naszej spo\u0142eczno\u015bci przedszkolnej.<\/span><\/p>\n<p>Anita Olszewska<\/p>\n<p>Beata S\u0142omczy\u0144ska<\/p>\n","protected":false},"excerpt":{"rendered":"<p>W roku szkolnym 2024\/2025 prowadzony by\u0142 na terenie naszego Przedszkola wolontariat. W dzia\u0142aniach uczestniczy\u0142y wychowawcy i dzieci ze wszystkich grup wiekowych. ,,Mali wolontariusze&#8221; wsp\u00f3lnie z nauczycielami uczestniczyli w akcjach charytatywnych typu: g\u00f3ra grosza,zbieramy nakr\u0119tki,zbieramy karm\u0119 dla schroniska dla zwierz\u0105t,pomagamy poprzez aktywne uczestnictwo w kiermaszach \u015bwi\u0105tecznych. Przedszkolaki wspieraj\u0105 tak\u017ce osoby starsze [&hellip;]<\/p>\n","protected":false},"author":1,"featured_media":0,"comment_status":"open","ping_status":"open","sticky":false,"template":"","format":"standard","meta":{"ngg_post_thumbnail":0,"footnotes":""},"categories":[1],"tags":[],"class_list":["post-3509","post","type-post","status-publish","format-standard","hentry","category-uncategorized"],"_links":{"self":[{"href":"https:\/\/uszatek.waw.pl\/index.php?rest_route=\/wp\/v2\/posts\/3509","targetHints":{"allow":["GET"]}}],"collection":[{"href":"https:\/\/uszatek.waw.pl\/index.php?rest_route=\/wp\/v2\/posts"}],"about":[{"href":"https:\/\/uszatek.waw.pl\/index.php?rest_route=\/wp\/v2\/types\/post"}],"author":[{"embeddable":true,"href":"https:\/\/uszatek.waw.pl\/index.php?rest_route=\/wp\/v2\/users\/1"}],"replies":[{"embeddable":true,"href":"https:\/\/uszatek.waw.pl\/index.php?rest_route=%2Fwp%2Fv2%2Fcomments&post=3509"}],"version-history":[{"count":1,"href":"https:\/\/uszatek.waw.pl\/index.php?rest_route=\/wp\/v2\/posts\/3509\/revisions"}],"predecessor-version":[{"id":3510,"href":"https:\/\/uszatek.waw.pl\/index.php?rest_route=\/wp\/v2\/posts\/3509\/revisions\/3510"}],"wp:attachment":[{"href":"https:\/\/uszatek.waw.pl\/index.php?rest_route=%2Fwp%2Fv2%2Fmedia&parent=3509"}],"wp:term":[{"taxonomy":"category","embeddable":true,"href":"https:\/\/uszatek.waw.pl\/index.php?rest_route=%2Fwp%2Fv2%2Fcategories&post=3509"},{"taxonomy":"post_tag","embeddable":true,"href":"https:\/\/uszatek.waw.pl\/index.php?rest_route=%2Fwp%2Fv2%2Ftags&post=3509"}],"curies":[{"name":"wp","href":"https:\/\/api.w.org\/{rel}","templated":true}]}}