{"id":3402,"date":"2025-10-10T12:44:07","date_gmt":"2025-10-10T12:44:07","guid":{"rendered":"https:\/\/uszatek.waw.pl\/?p=3402"},"modified":"2025-10-10T12:49:52","modified_gmt":"2025-10-10T12:49:52","slug":"3402","status":"publish","type":"post","link":"https:\/\/uszatek.waw.pl\/?p=3402","title":{"rendered":"Jesie\u0144 u Uszatka"},"content":{"rendered":"<p style=\"margin: 0cm;\"><span style=\"font-size: 13pt; font-family: arial, helvetica, sans-serif; color: black;\"><span style=\"font-family: georgia, palatino, serif;\">Pani Jesie\u0144 zago\u015bci\u0142a ju\u017c w naszym przedszkolu, a przedszkolaki znalaz\u0142y jej oznaki zar\u00f3wno w otoczeniu jak i podczas zaj\u0119\u0107. Omawia\u0142y wygl\u0105d drzew, kszta\u0142t li\u015bci oraz nazywa\u0142y owoce. Pozna\u0142y budow\u0119 drzewa, nazwy drzew, segregowa\u0142y wg okre\u015blonej cechy: iglaste i li\u015bciaste. Kolorowymi li\u015b\u0107mi ozdobi\u0142y swoj\u0105 sale zabaw, uk\u0142ada\u0142y kasztanowe wzory, ta\u0144czy\u0142y jak listki na wietrze. 29 wrze\u015bnia obchodzili\u015bmy te\u017c Dzie\u0144 Jab\u0142ka, a dzieci wykona\u0142y na zaj\u0119ciach plastycznych pi\u0119kne jab\u0142uszka. Na podwieczorek by\u0142a pyszna szarlotka.<\/span><\/span><\/p>\n<p style=\"margin: 0cm;\"><span style=\"font-size: 13pt; font-family: arial, helvetica, sans-serif; color: black;\"><span style=\"font-family: georgia, palatino, serif;\">Nie zabrak\u0142o te\u017c weso\u0142ych jesiennych zabaw w ogrodzie przedszkolnym dzieci goni\u0142y pani\u0105 Jesie\u0144, zbiera\u0142y li\u015bcie i robi\u0142y z nich bukiety<\/span>.<\/span><\/p>\n<p><img fetchpriority=\"high\" decoding=\"async\" class=\" wp-image-3403\" title=\"IMG 7885\" src=\"https:\/\/uszatek.waw.pl\/wp-content\/uploads\/2025\/10\/IMG_7885-225x300.jpeg\" alt=\"IMG 7885\" width=\"419\" height=\"559\" srcset=\"https:\/\/uszatek.waw.pl\/wp-content\/uploads\/2025\/10\/IMG_7885-225x300.jpeg 225w, https:\/\/uszatek.waw.pl\/wp-content\/uploads\/2025\/10\/IMG_7885-768x1024.jpeg 768w, https:\/\/uszatek.waw.pl\/wp-content\/uploads\/2025\/10\/IMG_7885-1152x1536.jpeg 1152w, https:\/\/uszatek.waw.pl\/wp-content\/uploads\/2025\/10\/IMG_7885-1536x2048.jpeg 1536w, https:\/\/uszatek.waw.pl\/wp-content\/uploads\/2025\/10\/IMG_7885-scaled.jpeg 1920w\" sizes=\"(max-width: 419px) 100vw, 419px\" \/><\/p>\n<p>&nbsp;<\/p>\n","protected":false},"excerpt":{"rendered":"<p>Pani Jesie\u0144 zago\u015bci\u0142a ju\u017c w naszym przedszkolu, a przedszkolaki znalaz\u0142y jej oznaki zar\u00f3wno w otoczeniu jak i podczas zaj\u0119\u0107. Omawia\u0142y wygl\u0105d drzew, kszta\u0142t li\u015bci oraz nazywa\u0142y owoce. Pozna\u0142y budow\u0119 drzewa, nazwy drzew, segregowa\u0142y wg okre\u015blonej cechy: iglaste i li\u015bciaste. Kolorowymi li\u015b\u0107mi ozdobi\u0142y swoj\u0105 sale zabaw, uk\u0142ada\u0142y kasztanowe wzory, ta\u0144czy\u0142y jak [&hellip;]<\/p>\n","protected":false},"author":1,"featured_media":0,"comment_status":"open","ping_status":"open","sticky":false,"template":"","format":"standard","meta":{"ngg_post_thumbnail":0,"footnotes":""},"categories":[1],"tags":[],"class_list":["post-3402","post","type-post","status-publish","format-standard","hentry","category-uncategorized"],"_links":{"self":[{"href":"https:\/\/uszatek.waw.pl\/index.php?rest_route=\/wp\/v2\/posts\/3402","targetHints":{"allow":["GET"]}}],"collection":[{"href":"https:\/\/uszatek.waw.pl\/index.php?rest_route=\/wp\/v2\/posts"}],"about":[{"href":"https:\/\/uszatek.waw.pl\/index.php?rest_route=\/wp\/v2\/types\/post"}],"author":[{"embeddable":true,"href":"https:\/\/uszatek.waw.pl\/index.php?rest_route=\/wp\/v2\/users\/1"}],"replies":[{"embeddable":true,"href":"https:\/\/uszatek.waw.pl\/index.php?rest_route=%2Fwp%2Fv2%2Fcomments&post=3402"}],"version-history":[{"count":2,"href":"https:\/\/uszatek.waw.pl\/index.php?rest_route=\/wp\/v2\/posts\/3402\/revisions"}],"predecessor-version":[{"id":3405,"href":"https:\/\/uszatek.waw.pl\/index.php?rest_route=\/wp\/v2\/posts\/3402\/revisions\/3405"}],"wp:attachment":[{"href":"https:\/\/uszatek.waw.pl\/index.php?rest_route=%2Fwp%2Fv2%2Fmedia&parent=3402"}],"wp:term":[{"taxonomy":"category","embeddable":true,"href":"https:\/\/uszatek.waw.pl\/index.php?rest_route=%2Fwp%2Fv2%2Fcategories&post=3402"},{"taxonomy":"post_tag","embeddable":true,"href":"https:\/\/uszatek.waw.pl\/index.php?rest_route=%2Fwp%2Fv2%2Ftags&post=3402"}],"curies":[{"name":"wp","href":"https:\/\/api.w.org\/{rel}","templated":true}]}}