{"id":3397,"date":"2025-10-10T12:15:38","date_gmt":"2025-10-10T12:15:38","guid":{"rendered":"https:\/\/uszatek.waw.pl\/?p=3397"},"modified":"2025-10-10T12:16:20","modified_gmt":"2025-10-10T12:16:20","slug":"konkurs-moje-wspomnienia-z-wakacji","status":"publish","type":"post","link":"https:\/\/uszatek.waw.pl\/?p=3397","title":{"rendered":"Konkurs &#8222;Moje wspomnienia z wakacji&#8221;"},"content":{"rendered":"<p>Serdecznie dzi\u0119kujemy wszystkim naszym wspania\u0142ym przedszkolakom za tak liczny i aktywny udzia\u0142 w konkursie &#8222;Moje wspomnienia z wakacji&#8221;. Ka\u017cda praca, kt\u00f3r\u0105 nam przynie\u015bli\u015bcie, jest pi\u0119kna, wyj\u0105tkowa i pokazuje Wasz\u0105 niepowtarzaln\u0105 kreatywno\u015b\u0107, oraz podzielanie &nbsp;si\u0119 ze wszystkim swoim wspomnieniami z wakacji. Jeste\u015bmy dumni z Waszej pomys\u0142owo\u015bci i zaanga\u017cowania, kt\u00f3re w\u0142o\u017cyli\u015bcie w tworzenie swoich prac. To wspania\u0142a okazja, aby\u015bcie mogli rozwija\u0107 swoje talenty i bawi\u0107 si\u0119 wsp\u00f3lnie z nami.Dzi\u0119kujemy za przyniesione prace, kt\u00f3re ozdobi\u0142y nasz przedszkolny hol. To dow\u00f3d na to, jak du\u017co potraficie i jak dobrze si\u0119 bawicie podczas wsp\u00f3lnych wyzwa\u0144.Drodzy Rodzice, serdecznie dzi\u0119kujemy za wsparcie i zaanga\u017cowanie w nasze przedszkolne inicjatywy. Dzi\u0119ki Wam mogli\u015bmy przeprowadzi\u0107 ten wspania\u0142y konkurs. Wasz udzia\u0142 i zainteresowanie tym konkursem jest dla nas niezwykle cenne.&nbsp;Dzi\u0119kujemy, \u017ce wsp\u00f3lnie z nami stworzyli\u015bcie atmosfer\u0119 rado\u015bci i kreatywno\u015bci, kt\u00f3ra by\u0142a obecna podczas tego wydarzenia.&nbsp;<\/p>\n<p><img fetchpriority=\"high\" decoding=\"async\" class=\"wp-image-3398 \" title=\"IMG 8054\" src=\"https:\/\/uszatek.waw.pl\/wp-content\/uploads\/2025\/10\/IMG_8054-scaled-e1760098473614-300x205.jpeg\" alt=\"IMG 8054\" width=\"601\" height=\"411\" srcset=\"https:\/\/uszatek.waw.pl\/wp-content\/uploads\/2025\/10\/IMG_8054-scaled-e1760098473614-300x205.jpeg 300w, https:\/\/uszatek.waw.pl\/wp-content\/uploads\/2025\/10\/IMG_8054-scaled-e1760098473614-1024x701.jpeg 1024w, https:\/\/uszatek.waw.pl\/wp-content\/uploads\/2025\/10\/IMG_8054-scaled-e1760098473614-768x526.jpeg 768w, https:\/\/uszatek.waw.pl\/wp-content\/uploads\/2025\/10\/IMG_8054-scaled-e1760098473614-1536x1052.jpeg 1536w, https:\/\/uszatek.waw.pl\/wp-content\/uploads\/2025\/10\/IMG_8054-scaled-e1760098473614-2048x1403.jpeg 2048w, https:\/\/uszatek.waw.pl\/wp-content\/uploads\/2025\/10\/IMG_8054-scaled-e1760098473614-850x580.jpeg 850w\" sizes=\"(max-width: 601px) 100vw, 601px\" \/><\/p>\n<p>&nbsp;<\/p>\n","protected":false},"excerpt":{"rendered":"<p>Serdecznie dzi\u0119kujemy wszystkim naszym wspania\u0142ym przedszkolakom za tak liczny i aktywny udzia\u0142 w konkursie &#8222;Moje wspomnienia z wakacji&#8221;. Ka\u017cda praca, kt\u00f3r\u0105 nam przynie\u015bli\u015bcie, jest pi\u0119kna, wyj\u0105tkowa i pokazuje Wasz\u0105 niepowtarzaln\u0105 kreatywno\u015b\u0107, oraz podzielanie &nbsp;si\u0119 ze wszystkim swoim wspomnieniami z wakacji. Jeste\u015bmy dumni z Waszej pomys\u0142owo\u015bci i zaanga\u017cowania, kt\u00f3re w\u0142o\u017cyli\u015bcie w [&hellip;]<\/p>\n","protected":false},"author":1,"featured_media":0,"comment_status":"open","ping_status":"open","sticky":false,"template":"","format":"standard","meta":{"ngg_post_thumbnail":0,"footnotes":""},"categories":[1],"tags":[],"class_list":["post-3397","post","type-post","status-publish","format-standard","hentry","category-uncategorized"],"_links":{"self":[{"href":"https:\/\/uszatek.waw.pl\/index.php?rest_route=\/wp\/v2\/posts\/3397","targetHints":{"allow":["GET"]}}],"collection":[{"href":"https:\/\/uszatek.waw.pl\/index.php?rest_route=\/wp\/v2\/posts"}],"about":[{"href":"https:\/\/uszatek.waw.pl\/index.php?rest_route=\/wp\/v2\/types\/post"}],"author":[{"embeddable":true,"href":"https:\/\/uszatek.waw.pl\/index.php?rest_route=\/wp\/v2\/users\/1"}],"replies":[{"embeddable":true,"href":"https:\/\/uszatek.waw.pl\/index.php?rest_route=%2Fwp%2Fv2%2Fcomments&post=3397"}],"version-history":[{"count":3,"href":"https:\/\/uszatek.waw.pl\/index.php?rest_route=\/wp\/v2\/posts\/3397\/revisions"}],"predecessor-version":[{"id":3401,"href":"https:\/\/uszatek.waw.pl\/index.php?rest_route=\/wp\/v2\/posts\/3397\/revisions\/3401"}],"wp:attachment":[{"href":"https:\/\/uszatek.waw.pl\/index.php?rest_route=%2Fwp%2Fv2%2Fmedia&parent=3397"}],"wp:term":[{"taxonomy":"category","embeddable":true,"href":"https:\/\/uszatek.waw.pl\/index.php?rest_route=%2Fwp%2Fv2%2Fcategories&post=3397"},{"taxonomy":"post_tag","embeddable":true,"href":"https:\/\/uszatek.waw.pl\/index.php?rest_route=%2Fwp%2Fv2%2Ftags&post=3397"}],"curies":[{"name":"wp","href":"https:\/\/api.w.org\/{rel}","templated":true}]}}