{"id":3382,"date":"2025-09-17T13:34:52","date_gmt":"2025-09-17T13:34:52","guid":{"rendered":"https:\/\/uszatek.waw.pl\/?p=3382"},"modified":"2025-09-17T13:34:52","modified_gmt":"2025-09-17T13:34:52","slug":"ogolnopolski-dzien-przedszkolaka","status":"publish","type":"post","link":"https:\/\/uszatek.waw.pl\/?p=3382","title":{"rendered":"Og\u00f3lnopolski Dzie\u0144 Przedszkolaka"},"content":{"rendered":"<p><img fetchpriority=\"high\" decoding=\"async\" class=\" wp-image-3383\" title=\"Dnia 20.09.2024 (pi\u0105tek) w Naszym Przedszkolu obchodzimy Og\u00f3lnopolski Dzie\u0144 Przedszkolaka\" src=\"https:\/\/uszatek.waw.pl\/wp-content\/uploads\/2025\/09\/Dnia-20.09.2024-piatek-w-Naszym-Przedszkolu-obchodzimy-Ogolnopolski-Dzien-Przedszkolaka-300x212.png\" alt=\"Dnia 20.09.2024 (pi\u0105tek) w Naszym Przedszkolu obchodzimy Og\u00f3lnopolski Dzie\u0144 Przedszkolaka\" width=\"734\" height=\"519\" srcset=\"https:\/\/uszatek.waw.pl\/wp-content\/uploads\/2025\/09\/Dnia-20.09.2024-piatek-w-Naszym-Przedszkolu-obchodzimy-Ogolnopolski-Dzien-Przedszkolaka-300x212.png 300w, https:\/\/uszatek.waw.pl\/wp-content\/uploads\/2025\/09\/Dnia-20.09.2024-piatek-w-Naszym-Przedszkolu-obchodzimy-Ogolnopolski-Dzien-Przedszkolaka-1024x724.png 1024w, https:\/\/uszatek.waw.pl\/wp-content\/uploads\/2025\/09\/Dnia-20.09.2024-piatek-w-Naszym-Przedszkolu-obchodzimy-Ogolnopolski-Dzien-Przedszkolaka-768x543.png 768w, https:\/\/uszatek.waw.pl\/wp-content\/uploads\/2025\/09\/Dnia-20.09.2024-piatek-w-Naszym-Przedszkolu-obchodzimy-Ogolnopolski-Dzien-Przedszkolaka-1536x1086.png 1536w, https:\/\/uszatek.waw.pl\/wp-content\/uploads\/2025\/09\/Dnia-20.09.2024-piatek-w-Naszym-Przedszkolu-obchodzimy-Ogolnopolski-Dzien-Przedszkolaka-2048x1448.png 2048w, https:\/\/uszatek.waw.pl\/wp-content\/uploads\/2025\/09\/Dnia-20.09.2024-piatek-w-Naszym-Przedszkolu-obchodzimy-Ogolnopolski-Dzien-Przedszkolaka-100x70.png 100w\" sizes=\"(max-width: 734px) 100vw, 734px\" \/><\/p>\n","protected":false},"excerpt":{"rendered":"","protected":false},"author":1,"featured_media":0,"comment_status":"open","ping_status":"open","sticky":false,"template":"","format":"standard","meta":{"ngg_post_thumbnail":0,"footnotes":""},"categories":[1],"tags":[],"class_list":["post-3382","post","type-post","status-publish","format-standard","hentry","category-uncategorized"],"_links":{"self":[{"href":"https:\/\/uszatek.waw.pl\/index.php?rest_route=\/wp\/v2\/posts\/3382","targetHints":{"allow":["GET"]}}],"collection":[{"href":"https:\/\/uszatek.waw.pl\/index.php?rest_route=\/wp\/v2\/posts"}],"about":[{"href":"https:\/\/uszatek.waw.pl\/index.php?rest_route=\/wp\/v2\/types\/post"}],"author":[{"embeddable":true,"href":"https:\/\/uszatek.waw.pl\/index.php?rest_route=\/wp\/v2\/users\/1"}],"replies":[{"embeddable":true,"href":"https:\/\/uszatek.waw.pl\/index.php?rest_route=%2Fwp%2Fv2%2Fcomments&post=3382"}],"version-history":[{"count":1,"href":"https:\/\/uszatek.waw.pl\/index.php?rest_route=\/wp\/v2\/posts\/3382\/revisions"}],"predecessor-version":[{"id":3384,"href":"https:\/\/uszatek.waw.pl\/index.php?rest_route=\/wp\/v2\/posts\/3382\/revisions\/3384"}],"wp:attachment":[{"href":"https:\/\/uszatek.waw.pl\/index.php?rest_route=%2Fwp%2Fv2%2Fmedia&parent=3382"}],"wp:term":[{"taxonomy":"category","embeddable":true,"href":"https:\/\/uszatek.waw.pl\/index.php?rest_route=%2Fwp%2Fv2%2Fcategories&post=3382"},{"taxonomy":"post_tag","embeddable":true,"href":"https:\/\/uszatek.waw.pl\/index.php?rest_route=%2Fwp%2Fv2%2Ftags&post=3382"}],"curies":[{"name":"wp","href":"https:\/\/api.w.org\/{rel}","templated":true}]}}